{"id":1090,"date":"2025-11-21T15:16:58","date_gmt":"2025-11-21T14:16:58","guid":{"rendered":"https:\/\/www.capaciti.eu\/?p=1090"},"modified":"2026-04-09T09:11:25","modified_gmt":"2026-04-09T07:11:25","slug":"enquete-sur-les-perceptions-des-droits-de-lenfant-et-la-participation-aupres-des-futurs-professionnels-en-lien-avec-lenfance-dans-la-grande-region","status":"publish","type":"post","link":"https:\/\/www.capaciti.eu\/de\/blog\/2025\/11\/21\/enquete-sur-les-perceptions-des-droits-de-lenfant-et-la-participation-aupres-des-futurs-professionnels-en-lien-avec-lenfance-dans-la-grande-region\/","title":{"rendered":"Die Wahrnehmung der Kinderrechte und der Partizipation durch angehende Fachkr\u00e4fte im Bereich der Arbeit mit Kindern"},"content":{"rendered":"<div data-elementor-type=\"wp-post\" data-elementor-id=\"1090\" class=\"elementor elementor-1090\">\n\t\t\t\t<div class=\"elementor-element elementor-element-c36d148 e-flex e-con-boxed e-con e-parent\" data-id=\"c36d148\" data-element_type=\"container\">\n\t\t\t\t\t<div class=\"e-con-inner\">\n\t\t\t\t<div class=\"elementor-element elementor-element-f4ebfa4 elementor-widget elementor-widget-text-editor\" data-id=\"f4ebfa4\" data-element_type=\"widget\" data-widget_type=\"text-editor.default\">\n\t\t\t\t<div class=\"elementor-widget-container\">\n\t\t\t\t\t\t\t\t\t<div id=\"WACViewPanel_ClipboardElement\" class=\"WACEditing EditMode EditingSurfaceBody FireFox WACViewPanel_DisableLegacyKeyCodeAndCharCode usehover\" style=\"overflow: hidden; visibility: visible; direction: ltr;\" tabindex=\"0\" contenteditable=\"false\" spellcheck=\"false\">\n<div class=\"OutlineElement Ltr SCXW176623057 BCX2\" style=\"direction: ltr;\">\n<p class=\"Paragraph SCXW176623057 BCX2 translation-block\" style=\"font-weight: normal; font-style: normal; vertical-align: baseline; background-color: transparent; color: windowtext; text-align: left; margin: 0px 0px 10.6667px; padding-left: 0px; padding-right: 0px; text-indent: 0px;\">Wie werden die Rechte des Kindes von denjenigen wahrgenommen, die mit Minderj\u00e4hrigen arbeiten wollen? In der Gro\u00dfregion wurde eine Umfrage unter 789 Studierenden durchgef\u00fchrt, um eine Bestandsaufnahme ihrer Kenntnisse, Vorstellungen und Ausbildungsbed\u00fcrfnisse zu erstellen.<\/p>\n<\/div>\n<\/div>\t\t\t\t\t\t\t\t<\/div>\n\t\t\t\t<\/div>\n\t\t\t\t\t<\/div>\n\t\t\t\t<\/div>\n\t\t<div class=\"elementor-element elementor-element-df14003 e-flex e-con-boxed e-con e-parent\" data-id=\"df14003\" data-element_type=\"container\">\n\t\t\t\t\t<div class=\"e-con-inner\">\n\t\t\t\t<div class=\"elementor-element elementor-element-7717ab3 elementor-widget elementor-widget-heading\" data-id=\"7717ab3\" data-element_type=\"widget\" data-widget_type=\"heading.default\">\n\t\t\t\t<div class=\"elementor-widget-container\">\n\t\t\t\t\t<h2 class=\"elementor-heading-title elementor-size-default\">Sind Kinderrechte in den Lehrpl\u00e4nen zu wenig pr\u00e4sent? <\/h2>\t\t\t\t<\/div>\n\t\t\t\t<\/div>\n\t\t\t\t<div class=\"elementor-element elementor-element-b1c5c59 elementor-widget elementor-widget-text-editor\" data-id=\"b1c5c59\" data-element_type=\"widget\" data-widget_type=\"text-editor.default\">\n\t\t\t\t<div class=\"elementor-widget-container\">\n\t\t\t\t\t\t\t\t\t<p><span data-contrast=\"auto\">Fast 800 angehende Fachkr\u00e4fte aus der Gro\u00dfregion (Deutschland, Belgien, Frankreich und Luxemburg) wurden gebeten, einen Fragebogen auszuf\u00fcllen.<\/span><span data-ccp-props=\"{&quot;335551550&quot;:6,&quot;335551620&quot;:6}\">\u00a0<\/span><\/p>\n<p><span data-contrast=\"auto\">Die gro\u00dfe Mehrheit der Befragten war zwischen 18 und 39 Jahren alt. Vertreten waren Studieng\u00e4nge aus den Bereichen Bildung, Soziales, Recht, Gesundheit, Soziale Arbeit\/Sozialp\u00e4dagogik und Psychologie.\u00a0<\/span><span data-ccp-props=\"{&quot;335551550&quot;:6,&quot;335551620&quot;:6}\">\u00a0<\/span><\/p>\n<p><span data-contrast=\"auto\">Die Umfrage ergab, dass 68 % der Befragten bereits von der UN-Kinderrechtskonvenetion (UN-KRK) geh\u00f6rt hatten. Allerdings sch\u00e4tzen sie ihre Kenntnisse \u00fcber diese Rechte im Durchschnitt nur mit 4,3 von 10 Punkten ein... <\/span><span data-ccp-props=\"{&quot;335551550&quot;:6,&quot;335551620&quot;:6}\">\u00a0<\/span><\/p>\n<p><span data-contrast=\"auto\">Insgesamt sind die befragten Studierenden in der Gro\u00dfregion der Meinung, dass die Ausbildung in ihrem aktuellen Studiengang im Bereich Kinderrechte unzureichend ist (Durchschnitt von 3,95 von 10 Punkten).<\/span><span data-ccp-props=\"{&quot;335551550&quot;:6,&quot;335551620&quot;:6}\">\u00a0<\/span><\/p>\t\t\t\t\t\t\t\t<\/div>\n\t\t\t\t<\/div>\n\t\t\t\t\t<\/div>\n\t\t\t\t<\/div>\n\t\t<div class=\"elementor-element elementor-element-9861f00 e-flex e-con-boxed e-con e-parent\" data-id=\"9861f00\" data-element_type=\"container\">\n\t\t\t\t\t<div class=\"e-con-inner\">\n\t\t<div class=\"elementor-element elementor-element-41d229a e-con-full e-flex e-con e-child\" data-id=\"41d229a\" data-element_type=\"container\">\n\t\t\t\t<div class=\"elementor-element elementor-element-31a79c4 elementor-widget elementor-widget-image\" data-id=\"31a79c4\" data-element_type=\"widget\" data-widget_type=\"image.default\">\n\t\t\t\t<div class=\"elementor-widget-container\">\n\t\t\t\t\t\t\t\t\t\t\t\t\t\t\t<img fetchpriority=\"high\" decoding=\"async\" width=\"800\" height=\"849\" src=\"https:\/\/www.capaciti.eu\/wp-content\/uploads\/2025\/11\/Design-sans-titre-73.png\" class=\"attachment-large size-large wp-image-1105\" alt=\"\" \/>\t\t\t\t\t\t\t\t\t\t\t\t\t\t\t<\/div>\n\t\t\t\t<\/div>\n\t\t\t\t<\/div>\n\t\t<div class=\"elementor-element elementor-element-abb1b23 e-con-full e-flex e-con e-child\" data-id=\"abb1b23\" data-element_type=\"container\">\n\t\t\t\t<div class=\"elementor-element elementor-element-cc0d060 elementor-widget elementor-widget-heading\" data-id=\"cc0d060\" data-element_type=\"widget\" data-widget_type=\"heading.default\">\n\t\t\t\t<div class=\"elementor-widget-container\">\n\t\t\t\t\t<h2 class=\"elementor-heading-title elementor-size-default\">Kinderrechte und Vorurteile  <\/h2>\t\t\t\t<\/div>\n\t\t\t\t<\/div>\n\t\t\t\t<div class=\"elementor-element elementor-element-bc90617 elementor-widget elementor-widget-text-editor\" data-id=\"bc90617\" data-element_type=\"widget\" data-widget_type=\"text-editor.default\">\n\t\t\t\t<div class=\"elementor-widget-container\">\n\t\t\t\t\t\t\t\t\t<p class=\"translation-block\">\u201eKinder haben Rechte, aber vor allem Pflichten!\u201c \u201eIn armen L\u00e4ndern werden die Rechte der Kinder nicht respektiert.\u201c \u201eEs gibt eine Menschenrechtskonvention, eine eigene Konvention f\u00fcr Kinder ist nicht notwendig.\u201c \u201eEs ist wichtig, die Rechte der Kinder gemeinsam mit den Erwachsenen umzusetzen.\u201c Das sind einige Vorurteile \u00fcber die Rechte der Kinder, die von der Liga f\u00fcr Menschenrechte identifiziert wurden.<\/p>\t\t\t\t\t\t\t\t<\/div>\n\t\t\t\t<\/div>\n\t\t\t\t<\/div>\n\t\t\t\t\t<\/div>\n\t\t\t\t<\/div>\n\t\t<div class=\"elementor-element elementor-element-220bb7e e-flex e-con-boxed e-con e-parent\" data-id=\"220bb7e\" data-element_type=\"container\">\n\t\t\t\t\t<div class=\"e-con-inner\">\n\t\t\t\t<div class=\"elementor-element elementor-element-d402780 elementor-widget elementor-widget-text-editor\" data-id=\"d402780\" data-element_type=\"widget\" data-widget_type=\"text-editor.default\">\n\t\t\t\t<div class=\"elementor-widget-container\">\n\t\t\t\t\t\t\t\t\t<p class=\"translation-block\">Die Teilnehmerinnen und Teilnehmer wurden   gebeten, ihre Zustimmung oder  Ablehnung  zu diesen Empfehlungen und zu zwei Empfehlungen der Ligue des Droits Humains (Menschenrechtsliga) zu \u00e4u\u00dfern.<\/p>\n<p><span data-contrast=\"auto\">Es zeigte sich, dass die Tatsache, an einer Hochschule zu studieren und weiblich zu sein, mit einer besseren subjektiven Wahrnehmung der Kinderrechte und der Partizipation verbunden ist. <\/span><span data-ccp-props=\"{&quot;335551550&quot;:6,&quot;335551620&quot;:6}\">\u00a0<\/span><\/p>\t\t\t\t\t\t\t\t<\/div>\n\t\t\t\t<\/div>\n\t\t\t\t\t<\/div>\n\t\t\t\t<\/div>\n\t\t<div class=\"elementor-element elementor-element-e8835a0 e-flex e-con-boxed e-con e-parent\" data-id=\"e8835a0\" data-element_type=\"container\">\n\t\t\t\t\t<div class=\"e-con-inner\">\n\t\t\t\t<div class=\"elementor-element elementor-element-28f5dce elementor-widget elementor-widget-heading\" data-id=\"28f5dce\" data-element_type=\"widget\" data-widget_type=\"heading.default\">\n\t\t\t\t<div class=\"elementor-widget-container\">\n\t\t\t\t\t<h2 class=\"elementor-heading-title elementor-size-default\">Eine n\u00fctzliche Arbeitsgrundlage <\/h2>\t\t\t\t<\/div>\n\t\t\t\t<\/div>\n\t\t\t\t<div class=\"elementor-element elementor-element-6e27fc8 elementor-widget elementor-widget-text-editor\" data-id=\"6e27fc8\" data-element_type=\"widget\" data-widget_type=\"text-editor.default\">\n\t\t\t\t<div class=\"elementor-widget-container\">\n\t\t\t\t\t\t\t\t\t<p><span data-contrast=\"auto\">Diese Ergebnisse k\u00f6nnen am Rand dieses Artikels heruntergeladen werden und bilden eine wertvolle Informationsgrundlage f\u00fcr die Empfehlungen der Wei\u00dfb\u00fccher sowie f\u00fcr die Entwicklung von Schulungsinstrumenten, die im Rahmen des Interreg-Gro\u00dfregion-Projekts CAPACITI angestrebt werden! <\/span><span data-ccp-props=\"{&quot;335551550&quot;:6,&quot;335551620&quot;:6}\">\u00a0<\/span><\/p>\t\t\t\t\t\t\t\t<\/div>\n\t\t\t\t<\/div>\n\t\t\t\t\t<\/div>\n\t\t\t\t<\/div>\n\t\t<div class=\"elementor-element elementor-element-14fb4a0 e-flex e-con-boxed e-con e-parent\" data-id=\"14fb4a0\" data-element_type=\"container\">\n\t\t\t\t\t<div class=\"e-con-inner\">\n\t\t\t\t<div class=\"elementor-element elementor-element-94ca81c elementor-widget elementor-widget-shortcode\" data-id=\"94ca81c\" data-element_type=\"widget\" data-no-translation=\"\" data-widget_type=\"shortcode.default\">\n\t\t\t\t<div class=\"elementor-widget-container\">\n\t\t\t\t\t<style>.elementor-element-94ca81c{display:none !important}<\/style>\t\t\t\t<\/div>\n\t\t\t\t<\/div>\n\t\t\t\t\t<\/div>\n\t\t\t\t<\/div>\n\t\t<div class=\"elementor-element elementor-element-648cbec e-flex e-con-boxed e-con e-parent\" data-id=\"648cbec\" data-element_type=\"container\">\n\t\t\t\t\t<div class=\"e-con-inner\">\n\t\t\t\t<div class=\"elementor-element elementor-element-7b5f94d elementor-widget elementor-widget-shortcode\" data-id=\"7b5f94d\" data-element_type=\"widget\" data-no-translation=\"\" data-widget_type=\"shortcode.default\">\n\t\t\t\t<div class=\"elementor-widget-container\">\n\t\t\t\t\t\t\t<div class=\"elementor-shortcode\"><div class='w3eden'><!-- WPDM Link Template: Default Template -->\n\n<div class=\"link-template-default card mb-2\">\n    <div class=\"card-body\">\n        <div class=\"media\">\n            <div class=\"mr-3 img-48\"><img decoding=\"async\" class=\"wpdm_icon\" alt=\"Icon\"   src=\"https:\/\/www.capaciti.eu\/wp-content\/plugins\/download-manager\/assets\/file-type-icons\/pdf.svg\" \/><\/div>\n            <div class=\"media-body\">\n                <h3 class=\"package-title\"><a href='https:\/\/www.capaciti.eu\/de\/download\/capaciti-questionnaire-etudiant-fr-2\/'>Capaciti-Fragebogen f\u00fcr Studierende - DE<\/a><\/h3>\n                <div class=\"text-muted text-small\"><i class=\"fas fa-copy\"><\/i> 1 Datei(en) <i class=\"fas fa-hdd ml-3\"><\/i> 328.51 KB<\/div>\n            <\/div>\n            <div class=\"ml-3\">\n                <a class='wpdm-download-link download-on-click btn btn-primary' rel='nofollow' href='#' data-downloadurl=\"https:\/\/www.capaciti.eu\/de\/download\/capaciti-questionnaire-etudiant-fr-2\/?wpdmdl=1095&refresh=69efb1bf9050a1777316287\">Download<\/a>\n            <\/div>\n        <\/div>\n    <\/div>\n<\/div>\n\n<\/div><\/div>\n\t\t\t\t\t\t<\/div>\n\t\t\t\t<\/div>\n\t\t\t\t\t<\/div>\n\t\t\t\t<\/div>\n\t\t\t\t<\/div>","protected":false},"excerpt":{"rendered":"<p>Comment sont per\u00e7us les Droits de l\u2019Enfant par celles et ceux qui ont pour vocation de travailler avec les mineurs\u202f? En Grande R\u00e9gion, une enqu\u00eate a \u00e9t\u00e9 r\u00e9alis\u00e9e aupr\u00e8s de &#8230;<\/p>","protected":false},"author":3,"featured_media":1092,"comment_status":"closed","ping_status":"closed","sticky":false,"template":"","format":"standard","meta":{"footnotes":""},"categories":[8],"tags":[],"class_list":["post-1090","post","type-post","status-publish","format-standard","has-post-thumbnail","hentry","category-ressource"],"_links":{"self":[{"href":"https:\/\/www.capaciti.eu\/de\/wp-json\/wp\/v2\/posts\/1090"}],"collection":[{"href":"https:\/\/www.capaciti.eu\/de\/wp-json\/wp\/v2\/posts"}],"about":[{"href":"https:\/\/www.capaciti.eu\/de\/wp-json\/wp\/v2\/types\/post"}],"author":[{"embeddable":true,"href":"https:\/\/www.capaciti.eu\/de\/wp-json\/wp\/v2\/users\/3"}],"replies":[{"embeddable":true,"href":"https:\/\/www.capaciti.eu\/de\/wp-json\/wp\/v2\/comments?post=1090"}],"version-history":[{"count":14,"href":"https:\/\/www.capaciti.eu\/de\/wp-json\/wp\/v2\/posts\/1090\/revisions"}],"predecessor-version":[{"id":1108,"href":"https:\/\/www.capaciti.eu\/de\/wp-json\/wp\/v2\/posts\/1090\/revisions\/1108"}],"wp:featuredmedia":[{"embeddable":true,"href":"https:\/\/www.capaciti.eu\/de\/wp-json\/wp\/v2\/media\/1092"}],"wp:attachment":[{"href":"https:\/\/www.capaciti.eu\/de\/wp-json\/wp\/v2\/media?parent=1090"}],"wp:term":[{"taxonomy":"category","embeddable":true,"href":"https:\/\/www.capaciti.eu\/de\/wp-json\/wp\/v2\/categories?post=1090"},{"taxonomy":"post_tag","embeddable":true,"href":"https:\/\/www.capaciti.eu\/de\/wp-json\/wp\/v2\/tags?post=1090"}],"curies":[{"name":"wp","href":"https:\/\/api.w.org\/{rel}","templated":true}]}}