{"id":1115,"date":"2025-12-02T15:54:44","date_gmt":"2025-12-02T14:54:44","guid":{"rendered":"https:\/\/www.capaciti.eu\/?p=1115"},"modified":"2026-04-09T09:11:29","modified_gmt":"2026-04-09T07:11:29","slug":"journee-mondiale-des-droits-de-lenfant-lavis-des-futurs-professionnels-de-lenfance-au-coeur-des-activites","status":"publish","type":"post","link":"https:\/\/www.capaciti.eu\/de\/blog\/2025\/12\/02\/journee-mondiale-des-droits-de-lenfant-lavis-des-futurs-professionnels-de-lenfance-au-coeur-des-activites\/","title":{"rendered":"Weltkindertag: Die Meinung zuk\u00fcnftiger Fachkr\u00e4fte im Bereich Kinderbetreuung im Mittelpunkt der Aktivit\u00e4ten"},"content":{"rendered":"<div data-elementor-type=\"wp-post\" data-elementor-id=\"1115\" class=\"elementor elementor-1115\">\n\t\t\t\t<div class=\"elementor-element elementor-element-b0e4299 e-flex e-con-boxed e-con e-parent\" data-id=\"b0e4299\" data-element_type=\"container\">\n\t\t\t\t\t<div class=\"e-con-inner\">\n\t\t\t\t<div class=\"elementor-element elementor-element-403f7e7 elementor-widget elementor-widget-text-editor\" data-id=\"403f7e7\" data-element_type=\"widget\" data-widget_type=\"text-editor.default\">\n\t\t\t\t<div class=\"elementor-widget-container\">\n\t\t\t\t\t\t\t\t\t<p align=\"justify\"><b>Jedes Jahr am 20. November wird der Internationale Tag der Kinderrechte begangen. Er bietet Gelegenheit, daran zu erinnern, wie wichtig es ist, Kinder zu sch\u00fctzen, ihre Mitwirkung bei der Verteidigung ihrer Rechte zu respektieren und zu f\u00f6rdern. Die H\u00e9nallux und die Universit\u00e4t des Saarlandes haben auf ihren Campus Aktionen organisiert<\/b><\/p>\t\t\t\t\t\t\t\t<\/div>\n\t\t\t\t<\/div>\n\t\t\t\t\t<\/div>\n\t\t\t\t<\/div>\n\t\t<div class=\"elementor-element elementor-element-5ecc1b3 e-flex e-con-boxed e-con e-parent\" data-id=\"5ecc1b3\" data-element_type=\"container\">\n\t\t\t\t\t<div class=\"e-con-inner\">\n\t\t\t\t<div class=\"elementor-element elementor-element-22a6839 elementor-widget elementor-widget-image\" data-id=\"22a6839\" data-element_type=\"widget\" data-widget_type=\"image.default\">\n\t\t\t\t<div class=\"elementor-widget-container\">\n\t\t\t\t\t\t\t\t\t\t\t\t\t\t\t<img fetchpriority=\"high\" decoding=\"async\" width=\"800\" height=\"600\" src=\"https:\/\/www.capaciti.eu\/wp-content\/uploads\/2025\/12\/image.jpeg\" class=\"attachment-large size-large wp-image-1118\" alt=\"\" \/>\t\t\t\t\t\t\t\t\t\t\t\t\t\t\t<\/div>\n\t\t\t\t<\/div>\n\t\t\t\t\t<\/div>\n\t\t\t\t<\/div>\n\t\t<div class=\"elementor-element elementor-element-a636775 e-flex e-con-boxed e-con e-parent\" data-id=\"a636775\" data-element_type=\"container\">\n\t\t\t\t\t<div class=\"e-con-inner\">\n\t\t\t\t<div class=\"elementor-element elementor-element-a5da5d1 elementor-widget elementor-widget-heading\" data-id=\"a5da5d1\" data-element_type=\"widget\" data-widget_type=\"heading.default\">\n\t\t\t\t<div class=\"elementor-widget-container\">\n\t\t\t\t\t<h2 class=\"elementor-heading-title elementor-size-default\">Kinderrechte sind keine Lotterie!<\/h2>\t\t\t\t<\/div>\n\t\t\t\t<\/div>\n\t\t\t\t<div class=\"elementor-element elementor-element-192cca1 elementor-widget elementor-widget-text-editor\" data-id=\"192cca1\" data-element_type=\"widget\" data-widget_type=\"text-editor.default\">\n\t\t\t\t<div class=\"elementor-widget-container\">\n\t\t\t\t\t\t\t\t\t<p align=\"justify\" class=\"translation-block\">Um die Studierenden f\u00fcr bestimmte Kinderrechte zu sensibilisieren, luden unsere Moderatorinnen und Moderatoren \u2013 die auf verschiedenen Campus pr\u00e4sent waren \u2013 Passanten ein, an einem digitalen Gl\u00fccksrad zu drehen. Dieses zeigte nach dem Zufallsprinzip eines der zw\u00f6lf ausgew\u00e4hlten Rechte an. Die Teilnehmenden wurden dann gebeten, eine Frage zu diesem Recht zu beantworten.<\/p><p align=\"justify\">\u201eWie viel Prozent der Kinder haben au\u00dferhalb der Schule keine Aktivit\u00e4ten?\u201d, \u201eMuss ein Kind oder Jugendlicher, das\/der einen Fehler begeht, wie ein Erwachsener bestraft werden, richtig oder falsch?\u201c, \u201eWelche Rechtsmittel stehen zur Verf\u00fcgung, wenn Bilder oder Daten eines Kindes ohne Genehmigung ver\u00f6ffentlicht werden?\u201c \u2013 das waren beispielsweise die Fragen, die die Teilnehmenden beantworten mussten.<\/p><p align=\"justify\">Diese spielerische Aktivit\u00e4t erm\u00f6glichte es in Arlon, Bastogne und Saarbr\u00fccken, einen Austausch \u00fcber Rechte wie den Schutz der Privatsph\u00e4re, das Wohl des Kindes, die Rolle der Familie und viele andere Themen anzusto\u00dfen.<!-- je ne mettrais pas de point d'exclamation. --><!-- Okok, j'ai rectifi\u00e9 :)  --><\/p>\t\t\t\t\t\t\t\t<\/div>\n\t\t\t\t<\/div>\n\t\t\t\t\t<\/div>\n\t\t\t\t<\/div>\n\t\t<div class=\"elementor-element elementor-element-5ab56fc e-flex e-con-boxed e-con e-parent\" data-id=\"5ab56fc\" data-element_type=\"container\">\n\t\t\t\t\t<div class=\"e-con-inner\">\n\t\t\t\t<div class=\"elementor-element elementor-element-323fa9b elementor-widget elementor-widget-heading\" data-id=\"323fa9b\" data-element_type=\"widget\" data-widget_type=\"heading.default\">\n\t\t\t\t<div class=\"elementor-widget-container\">\n\t\t\t\t\t<h2 class=\"elementor-heading-title elementor-size-default\">Sprechen wir \u00fcber Kinderrechte?<\/h2>\t\t\t\t<\/div>\n\t\t\t\t<\/div>\n\t\t\t\t\t<\/div>\n\t\t\t\t<\/div>\n\t\t<div class=\"elementor-element elementor-element-da80572 e-flex e-con-boxed e-con e-parent\" data-id=\"da80572\" data-element_type=\"container\">\n\t\t\t\t\t<div class=\"e-con-inner\">\n\t\t<div class=\"elementor-element elementor-element-6456c52 e-con-full e-flex e-con e-child\" data-id=\"6456c52\" data-element_type=\"container\">\n\t\t\t\t<div class=\"elementor-element elementor-element-caa3fad elementor-widget elementor-widget-image\" data-id=\"caa3fad\" data-element_type=\"widget\" data-widget_type=\"image.default\">\n\t\t\t\t<div class=\"elementor-widget-container\">\n\t\t\t\t\t\t\t\t\t\t\t\t\t\t\t<img decoding=\"async\" width=\"800\" height=\"849\" src=\"https:\/\/www.capaciti.eu\/wp-content\/uploads\/2025\/12\/Ajouter-un-titre-2.png\" class=\"attachment-large size-large wp-image-1120\" alt=\"\" \/>\t\t\t\t\t\t\t\t\t\t\t\t\t\t\t<\/div>\n\t\t\t\t<\/div>\n\t\t\t\t<\/div>\n\t\t<div class=\"elementor-element elementor-element-fe58e52 e-con-full e-flex e-con e-child\" data-id=\"fe58e52\" data-element_type=\"container\">\n\t\t\t\t<div class=\"elementor-element elementor-element-62124ad elementor-widget elementor-widget-text-editor\" data-id=\"62124ad\" data-element_type=\"widget\" data-widget_type=\"text-editor.default\">\n\t\t\t\t<div class=\"elementor-widget-container\">\n\t\t\t\t\t\t\t\t\t<p align=\"justify\">Die Meinung zuk\u00fcnftiger Fachleute zum Thema Beteiligung von Kindern an der Verteidigung ihrer Rechte bleibt ein wichtiger Aspekt des CAPACITI-Projekts. In diesem Sinne wurden mehrere Aufzeichnungen mit Studierenden gemacht.<\/p><p align=\"justify\" class=\"translation-block\">\u201eKinder m\u00fcssen ihre Meinung zu ihrem Wohlbefinden \u00e4u\u00dfern k\u00f6nnen\u201d, \u201eErwachsenen m\u00f6chte ich sagen, dass sie auf die Bed\u00fcrfnisse ihrer Kinder achten sollen\u201d, lautete das Ergebnis dieser Aufzeichnungen, bei denen die Studierenden gebeten wurden, S\u00e4tze wie die folgenden zu vervollst\u00e4ndigen: \u201eKinder werden nicht geh\u00f6rt, weil ...\u201c, \u201eF\u00fcr mich ist ein sehr interessantes Recht ...\u201c.<\/p><p align=\"justify\">Diese verschiedenen Aufnahmen werden zu einem Musikst\u00fcck zusammengestellt, das bald auf dieser Website in Form eines kollektiven Werks zum Thema Kinderrechte zu sehen sein wird!<!-- je ne mettrais pas de points d'exclamation. et je lierais les deux phrases,  : \"sous la forme d'une oeuvre collective...\" --><\/p>\t\t\t\t\t\t\t\t<\/div>\n\t\t\t\t<\/div>\n\t\t\t\t<\/div>\n\t\t\t\t\t<\/div>\n\t\t\t\t<\/div>\n\t\t<div class=\"elementor-element elementor-element-1d7a265 e-flex e-con-boxed e-con e-parent\" data-id=\"1d7a265\" data-element_type=\"container\">\n\t\t\t\t\t<div class=\"e-con-inner\">\n\t\t\t\t<div class=\"elementor-element elementor-element-da478e7 elementor-widget elementor-widget-heading\" data-id=\"da478e7\" data-element_type=\"widget\" data-widget_type=\"heading.default\">\n\t\t\t\t<div class=\"elementor-widget-container\">\n\t\t\t\t\t<h2 class=\"elementor-heading-title elementor-size-default\">Schutz oder Beteiligung?<\/h2>\t\t\t\t<\/div>\n\t\t\t\t<\/div>\n\t\t\t\t<div class=\"elementor-element elementor-element-7ec5544 elementor-widget elementor-widget-text-editor\" data-id=\"7ec5544\" data-element_type=\"widget\" data-widget_type=\"text-editor.default\">\n\t\t\t\t<div class=\"elementor-widget-container\">\n\t\t\t\t\t\t\t\t\t<p align=\"justify\">Ein Gleichgewicht zwischen dem Verst\u00e4ndnis von Rechten, die den Schutz in den Vordergrund stellen, und solchen, die die Teilhabe f\u00f6rdern, zu finden, war die Aufgabe, der sich mehrere Studierende stellten.<\/p><p align=\"justify\">Eine Waage, ein paar Spielsteine und schon begannen die Gespr\u00e4che \u00fcber die M\u00f6glichkeit, entweder den Schutz des Kindes oder seine Beteiligung an Entscheidungen, die es betreffen, in den Vordergrund zu stellen. Eine schwierige Entscheidung, die gl\u00fccklicherweise nur theoretischer Natur ist, da die Rechte des Kindes unteilbar und miteinander verbunden sind.<\/p>\t\t\t\t\t\t\t\t<\/div>\n\t\t\t\t<\/div>\n\t\t\t\t\t<\/div>\n\t\t\t\t<\/div>\n\t\t<div class=\"elementor-element elementor-element-3f8c5ca e-flex e-con-boxed e-con e-parent\" data-id=\"3f8c5ca\" data-element_type=\"container\">\n\t\t\t\t\t<div class=\"e-con-inner\">\n\t\t\t\t<div class=\"elementor-element elementor-element-634a337 elementor-widget elementor-widget-heading\" data-id=\"634a337\" data-element_type=\"widget\" data-widget_type=\"heading.default\">\n\t\t\t\t<div class=\"elementor-widget-container\">\n\t\t\t\t\t<h2 class=\"elementor-heading-title elementor-size-default\">Interessante Diskussionen <\/h2>\t\t\t\t<\/div>\n\t\t\t\t<\/div>\n\t\t\t\t<div class=\"elementor-element elementor-element-0690328 elementor-widget elementor-widget-text-editor\" data-id=\"0690328\" data-element_type=\"widget\" data-widget_type=\"text-editor.default\">\n\t\t\t\t<div class=\"elementor-widget-container\">\n\t\t\t\t\t\t\t\t\t<p align=\"justify\" class=\"translation-block\">Diese Aktivit\u00e4ten, die auf dem Campus der Hochschule Namur-L\u00fcttich-Luxemburg und an der Universit\u00e4t des Saarlandes in Saarbr\u00fccken stattfanden, erm\u00f6glichten es, mit den angehenden Fachkr\u00e4ften angeregte Gespr\u00e4che \u00fcber die Rechte des Kindes und deren Behandlung in ihren Studieng\u00e4ngen zu f\u00fchren, die an die k\u00fcrzlich in der Gro\u00dfregion durchgef\u00fchrte Umfrage zu diesem Thema ankn\u00fcpften.<\/p><p align=\"justify\">Wir hoffen, bald weitere Aktionen dieser Art durchf\u00fchren zu k\u00f6nnen!<\/p>\t\t\t\t\t\t\t\t<\/div>\n\t\t\t\t<\/div>\n\t\t\t\t\t<\/div>\n\t\t\t\t<\/div>\n\t\t\t\t<\/div>","protected":false},"excerpt":{"rendered":"<p>&nbsp;Journ\u00e9e mondiale des droits de l&rsquo;enfant L&rsquo;avis des futurs professionnels de l&rsquo;enfance au c\u0153ur des activit\u00e9s Chaque 20 novembre, la Journ\u00e9e Internationale des droits de l\u2019Enfant est c\u00e9l\u00e9br\u00e9e. Elle est &#8230;<\/p>","protected":false},"author":3,"featured_media":1116,"comment_status":"closed","ping_status":"closed","sticky":false,"template":"","format":"standard","meta":{"footnotes":""},"categories":[7],"tags":[],"class_list":["post-1115","post","type-post","status-publish","format-standard","has-post-thumbnail","hentry","category-articles"],"_links":{"self":[{"href":"https:\/\/www.capaciti.eu\/de\/wp-json\/wp\/v2\/posts\/1115"}],"collection":[{"href":"https:\/\/www.capaciti.eu\/de\/wp-json\/wp\/v2\/posts"}],"about":[{"href":"https:\/\/www.capaciti.eu\/de\/wp-json\/wp\/v2\/types\/post"}],"author":[{"embeddable":true,"href":"https:\/\/www.capaciti.eu\/de\/wp-json\/wp\/v2\/users\/3"}],"replies":[{"embeddable":true,"href":"https:\/\/www.capaciti.eu\/de\/wp-json\/wp\/v2\/comments?post=1115"}],"version-history":[{"count":7,"href":"https:\/\/www.capaciti.eu\/de\/wp-json\/wp\/v2\/posts\/1115\/revisions"}],"predecessor-version":[{"id":1126,"href":"https:\/\/www.capaciti.eu\/de\/wp-json\/wp\/v2\/posts\/1115\/revisions\/1126"}],"wp:featuredmedia":[{"embeddable":true,"href":"https:\/\/www.capaciti.eu\/de\/wp-json\/wp\/v2\/media\/1116"}],"wp:attachment":[{"href":"https:\/\/www.capaciti.eu\/de\/wp-json\/wp\/v2\/media?parent=1115"}],"wp:term":[{"taxonomy":"category","embeddable":true,"href":"https:\/\/www.capaciti.eu\/de\/wp-json\/wp\/v2\/categories?post=1115"},{"taxonomy":"post_tag","embeddable":true,"href":"https:\/\/www.capaciti.eu\/de\/wp-json\/wp\/v2\/tags?post=1115"}],"curies":[{"name":"wp","href":"https:\/\/api.w.org\/{rel}","templated":true}]}}