{"id":1445,"date":"2026-04-22T13:05:35","date_gmt":"2026-04-22T11:05:35","guid":{"rendered":"https:\/\/www.capaciti.eu\/?p=1445"},"modified":"2026-04-22T13:35:31","modified_gmt":"2026-04-22T11:35:31","slug":"11-juin-2026-journee-detude-du-projet-capaciti-les-droits-des-enfants-et-des-jeunes-pour-tous-partout","status":"publish","type":"post","link":"https:\/\/www.capaciti.eu\/de\/blog\/2026\/04\/22\/11-juin-2026-journee-detude-du-projet-capaciti-les-droits-des-enfants-et-des-jeunes-pour-tous-partout\/","title":{"rendered":"11. Juni 2026: Studientag des CAPACITI-Projekts: Kinder- und Jugendrechte: F\u00fcr alle, \u00fcberall?"},"content":{"rendered":"<div data-elementor-type=\"wp-post\" data-elementor-id=\"1445\" class=\"elementor elementor-1445\">\n\t\t\t\t<div class=\"elementor-element elementor-element-aaad510 e-flex e-con-boxed e-con e-parent\" data-id=\"aaad510\" data-element_type=\"container\">\n\t\t\t\t\t<div class=\"e-con-inner\">\n\t\t\t\t<div class=\"elementor-element elementor-element-7a6f304 elementor-widget elementor-widget-text-editor\" data-id=\"7a6f304\" data-element_type=\"widget\" data-widget_type=\"text-editor.default\">\n\t\t\t\t<div class=\"elementor-widget-container\">\n\t\t\t\t\t\t\t\t\t<p>Das CAPACITI-Forschungsprojekt beinhaltet Gespr\u00e4che mit Kindern, um ihr Wissen und die praktische Umsetzung ihrer Rechte zu Hause, in der Schule, in Wohneinrichtungen, Krankenh\u00e4usern usw. zu erfassen.<\/p><p class=\"translation-block\">Eines der Hauptziele dieses Projekts <strong>ist die St\u00e4rkung individueller und kollektiver Praktiken<\/strong> (institutionell, professionell und famili\u00e4r) durch ein besseres Verst\u00e4ndnis der grundlegenden Prinzipien der Kinderrechte.<\/p><p>Um diese Themen weiter zu vertiefen, veranstalten wir einen Studientag, der den Dialog zwischen Forschenden und Praktiker:innen im Bereich Kinderrechte und ihrer vielf\u00e4ltigen Auspr\u00e4gungen f\u00f6rdern soll. Ziel ist es, zu untersuchen und zu verstehen, wie diese Rechte im Alltag junger Menschen ausge\u00fcbt werden und wie sie unterst\u00fctzt werden k\u00f6nnen.<\/p><p>Die Veranstaltung findet ausschlie\u00dflich auf Franz\u00f6sisch statt.<\/p>\t\t\t\t\t\t\t\t<\/div>\n\t\t\t\t<\/div>\n\t\t\t\t\t<\/div>\n\t\t\t\t<\/div>\n\t\t<div class=\"elementor-element elementor-element-edd10dc e-flex e-con-boxed e-con e-parent\" data-id=\"edd10dc\" data-element_type=\"container\">\n\t\t\t\t\t<div class=\"e-con-inner\">\n\t\t\t\t<div class=\"elementor-element elementor-element-73a7c47 elementor-widget elementor-widget-heading\" data-id=\"73a7c47\" data-element_type=\"widget\" data-widget_type=\"heading.default\">\n\t\t\t\t<div class=\"elementor-widget-container\">\n\t\t\t\t\t<h3 class=\"elementor-heading-title elementor-size-default\">Anmeldung <\/h3>\t\t\t\t<\/div>\n\t\t\t\t<\/div>\n\t\t\t\t<div class=\"elementor-element elementor-element-befac71 elementor-widget elementor-widget-text-editor\" data-id=\"befac71\" data-element_type=\"widget\" data-widget_type=\"text-editor.default\">\n\t\t\t\t<div class=\"elementor-widget-container\">\n\t\t\t\t\t\t\t\t\t<p><span style=\"color: #000000;\"><a style=\"color: #000000;\" href=\"https:\/\/enquetes.univ-lorraine.fr\/index.php\/719648?lang=fr\" target=\"_blank\" rel=\"noopener\"><span style=\"font-size: 12pt;\"><strong>Anmeldung \u2013 Studientag des CAPACITI-Projekts<\/strong> <\/span><\/a><\/span><\/p>\t\t\t\t\t\t\t\t<\/div>\n\t\t\t\t<\/div>\n\t\t\t\t\t<\/div>\n\t\t\t\t<\/div>\n\t\t<div class=\"elementor-element elementor-element-85adc5b e-flex e-con-boxed e-con e-parent\" data-id=\"85adc5b\" data-element_type=\"container\">\n\t\t\t\t\t<div class=\"e-con-inner\">\n\t\t\t\t<div class=\"elementor-element elementor-element-4376cc5 elementor-widget elementor-widget-shortcode\" data-id=\"4376cc5\" data-element_type=\"widget\" data-widget_type=\"shortcode.default\">\n\t\t\t\t<div class=\"elementor-widget-container\">\n\t\t\t\t\t\t\t<div class=\"elementor-shortcode\"><div class='w3eden'><!-- WPDM Link Template: Default Template -->\n\n<div class=\"link-template-default card mb-2\">\n    <div class=\"card-body\">\n        <div class=\"media\">\n            <div class=\"mr-3 img-48\"><img decoding=\"async\" class=\"wpdm_icon\" alt=\"Icon\" src=\"https:\/\/www.capaciti.eu\/wp-content\/plugins\/download-manager\/assets\/file-type-icons\/pdf.svg\" \/><\/div>\n            <div class=\"media-body\">\n                <h3 class=\"package-title\"><a href='https:\/\/www.capaciti.eu\/de\/download\/affiche-journee-detude-du-projet-capaciti-les-droits-des-enfants-et-des-jeunes-pour-tous-partout\/'>Plakat \u2013 Studientag des CAPACITI-Projekts: Die Rechte von Kindern und Jugendlichen: F\u00fcr alle, \u00fcberall?<\/a><\/h3>\n                <div class=\"text-muted text-small\"><i class=\"fas fa-copy\"><\/i> 1 Datei(en) <i class=\"fas fa-hdd ml-3\"><\/i> 1.03 MB<\/div>\n            <\/div>\n            <div class=\"ml-3\">\n                <a class='wpdm-download-link download-on-click btn btn-primary' rel='nofollow' href='#' data-downloadurl=\"https:\/\/www.capaciti.eu\/de\/download\/affiche-journee-detude-du-projet-capaciti-les-droits-des-enfants-et-des-jeunes-pour-tous-partout\/?wpdmdl=1454&refresh=69f18219daeab1777435161\">Download<\/a>\n            <\/div>\n        <\/div>\n    <\/div>\n<\/div>\n\n<\/div><\/div>\n\t\t\t\t\t\t<\/div>\n\t\t\t\t<\/div>\n\t\t\t\t\t<\/div>\n\t\t\t\t<\/div>\n\t\t<div class=\"elementor-element elementor-element-d7c8202 e-flex e-con-boxed e-con e-parent\" data-id=\"d7c8202\" data-element_type=\"container\">\n\t\t\t\t\t<div class=\"e-con-inner\">\n\t\t\t\t<div class=\"elementor-element elementor-element-cd1700e elementor-widget elementor-widget-heading\" data-id=\"cd1700e\" data-element_type=\"widget\" data-widget_type=\"heading.default\">\n\t\t\t\t<div class=\"elementor-widget-container\">\n\t\t\t\t\t<h2 class=\"elementor-heading-title elementor-size-default\">N\u00fctzliche Informationen<\/h2>\t\t\t\t<\/div>\n\t\t\t\t<\/div>\n\t\t\t\t<div class=\"elementor-element elementor-element-113ea65 elementor-widget elementor-widget-text-editor\" data-id=\"113ea65\" data-element_type=\"widget\" data-widget_type=\"text-editor.default\">\n\t\t\t\t<div class=\"elementor-widget-container\">\n\t\t\t\t\t\t\t\t\t<p><strong>Campus CLSH<\/strong><br \/><strong>23 boulevard Albert 1e, Nancy<\/strong><br \/><strong>Salle A243<\/strong><\/p>\t\t\t\t\t\t\t\t<\/div>\n\t\t\t\t<\/div>\n\t\t\t\t\t<\/div>\n\t\t\t\t<\/div>\n\t\t\t\t<\/div>","protected":false},"excerpt":{"rendered":"<p>La recherche CAPACITI am\u00e8ne \u00e0 rencontrer les enfants afin de dresser un \u00e9tat des lieux de leurs connaissances et du degr\u00e9 de mise en \u0153uvre concr\u00e8te de leurs droits en &#8230;<\/p>","protected":false},"author":3,"featured_media":1446,"comment_status":"closed","ping_status":"open","sticky":false,"template":"","format":"standard","meta":{"footnotes":""},"categories":[6],"tags":[],"class_list":["post-1445","post","type-post","status-publish","format-standard","has-post-thumbnail","hentry","category-evenements"],"_links":{"self":[{"href":"https:\/\/www.capaciti.eu\/de\/wp-json\/wp\/v2\/posts\/1445"}],"collection":[{"href":"https:\/\/www.capaciti.eu\/de\/wp-json\/wp\/v2\/posts"}],"about":[{"href":"https:\/\/www.capaciti.eu\/de\/wp-json\/wp\/v2\/types\/post"}],"author":[{"embeddable":true,"href":"https:\/\/www.capaciti.eu\/de\/wp-json\/wp\/v2\/users\/3"}],"replies":[{"embeddable":true,"href":"https:\/\/www.capaciti.eu\/de\/wp-json\/wp\/v2\/comments?post=1445"}],"version-history":[{"count":14,"href":"https:\/\/www.capaciti.eu\/de\/wp-json\/wp\/v2\/posts\/1445\/revisions"}],"predecessor-version":[{"id":1463,"href":"https:\/\/www.capaciti.eu\/de\/wp-json\/wp\/v2\/posts\/1445\/revisions\/1463"}],"wp:featuredmedia":[{"embeddable":true,"href":"https:\/\/www.capaciti.eu\/de\/wp-json\/wp\/v2\/media\/1446"}],"wp:attachment":[{"href":"https:\/\/www.capaciti.eu\/de\/wp-json\/wp\/v2\/media?parent=1445"}],"wp:term":[{"taxonomy":"category","embeddable":true,"href":"https:\/\/www.capaciti.eu\/de\/wp-json\/wp\/v2\/categories?post=1445"},{"taxonomy":"post_tag","embeddable":true,"href":"https:\/\/www.capaciti.eu\/de\/wp-json\/wp\/v2\/tags?post=1445"}],"curies":[{"name":"wp","href":"https:\/\/api.w.org\/{rel}","templated":true}]}}